{"id":249,"date":"2025-03-20T14:14:57","date_gmt":"2025-03-20T14:14:57","guid":{"rendered":"https:\/\/pensiounen.lu\/?p=249"},"modified":"2025-03-28T14:25:02","modified_gmt":"2025-03-28T14:25:02","slug":"dem-marc-baum-seng-interventioun-an-der-pensiounsdebatt","status":"publish","type":"post","link":"https:\/\/pensiounen.lu\/en\/dem-marc-baum-seng-interventioun-an-der-pensiounsdebatt\/","title":{"rendered":"Dem Marc Baum seng Interventioun an der Pensiounsdebatt."},"content":{"rendered":"<p>De 19. M\u00e4erz 2025 huet an der Chamber eng grouss Consultationsdebatt iwwer d&#8217;Pensiounen stattfonnt. Hei k\u00ebnnt der dem l\u00e9nken Deput\u00e9ierte Marc Baum seng Ried ganz kucken a lauschteren.<\/p>\n\n\n<figure class=\"wp-block-embed is-type-video is-provider-youtube wp-block-embed-youtube wp-embed-aspect-16-9 wp-has-aspect-ratio\"><div class=\"wp-block-embed__wrapper\">\n<iframe loading=\"lazy\" title=\"Dem Marc Baum seng Ried w\u00e4rend der \u00e9ischter grousser Debatt iwwer d&#039;Pensiounen (19.3.2025)\" width=\"640\" height=\"360\" src=\"https:\/\/www.youtube.com\/embed\/_k_SKcNHQkI?feature=oembed\" frameborder=\"0\" allow=\"accelerometer; autoplay; clipboard-write; encrypted-media; gyroscope; picture-in-picture; web-share\" referrerpolicy=\"strict-origin-when-cross-origin\" allowfullscreen><\/iframe>\n<\/div><\/figure>\n\n\n\n<p>De Marc Baum huet fir d\u00e9i L\u00e9nk d&#8217;Virzich vum \u00ebffentleche-solidar\u00ebsche Rentesystem verdeedegt. De Projet vum Luc Frieden fir den \u00ebffentleche System auszehielegen andeem privat Rentevers\u00e9cherungen solle privil\u00e9g\u00e9iert ginn an op dem Wee Vers\u00e9cherungsgesellschaften, Banken a Fongen massiv Geldzommen zoukommen ze lossen, ass fir eis zum Scheitere veruerteelt.<\/p>\n\n\n\n<p>&#8211;> D&#8217;Ried als <a href=\"https:\/\/dei-lenk.lu\/wp-content\/uploads\/2025\/03\/Renten_Discours.pdf\">PDF<\/a><\/p>\n\n\n\n<p>d\u00e9i L\u00e9nk w\u00ebllen den \u00ebffentleche System b\u00e4ibehalen, w\u00ebll en huet n\u00ebmme Virzich. Eng Rentevers\u00e9cherung ass \u00ebmmer eng Wett op d&#8217;Zukunft. Et g\u00ebtt \u00ebmmer e minimale Risiko. Bei eisem \u00ebffentleche System ass dee Risiko awer kleng an d\u00ebse Risiko ass kollektiv gedroen. Bei Privatvers\u00e9cherungen ass de Risiko vill m\u00e9i h\u00e9ich a jiddereen steet eleng virun d\u00ebsem Risiko.<\/p>\n\n\n\n<p>Mir hu konkret a genee chiffr\u00e9iert Virschl\u00e9i ausgeschafft fir den \u00ebffentlechen System iwwer d\u00e9i n\u00e4chst 10-20 Joer ofzes\u00e9cheren. <\/p>\n\n\n\n<ol class=\"wp-block-list\">\n<li>de Cotisatiounsdeckel (5 mol de soziale Mindestloun) ofschafen, fir datt d\u00e9i h\u00e9chst L\u00e9in hiren Deel b\u00e4idroen;<\/li>\n\n\n\n<li>op all Elementer vun der Aarbecht cotis\u00e9ieren (d\u2018Mesuren a) a b) br\u00e9ngen zous\u00e4tzlech Recette vu ronn 800 Milliounen Euro)<\/li>\n\n\n\n<li>d\u2019Ausgabe vun der Pensiounskeess reduz\u00e9ieren, d\u00e9i keen direkten Zesummenhang mam Ausbezuele vun de Pensiounen hunn. Hei k\u00ebnne ronn 220 Milliounen Euro agespuert ginn;<\/li>\n\n\n\n<li>d\u00e9i schiedlech Mechanisme vun der Di Bartolomeo-Reform vun 2012 ofschafen: d\u2018Erhale vun \u201eAllocation de fin d\u2019ann\u00e9e\u201c an d\u2019B\u00e4ibehale vun der Upassung vun de Pensiounen un d\u2018Geh\u00e4lter.<\/li>\n\n\n\n<li>de Montant vun der Mindestpensioun op den Niveau vum soziale Mindestloun setzen.<\/li>\n\n\n\n<li>m\u00ebttelfristeg (ongef\u00e9ier 2040): d\u2018Erh\u00e9ijung vun der Cotisatiouns vun 3\u00d78 op 3\u00d79%.<\/li>\n<\/ol>\n\n\n\n<p><\/p>\n","protected":false},"excerpt":{"rendered":"<p>De 19. M\u00e4erz 2025 huet an der Chamber eng grouss Consultationsdebatt iwwer d&#8217;Pensiounen stattfonnt. Hei k\u00ebnnt der dem l\u00e9nken Deput\u00e9ierte Marc Baum seng Ried ganz kucken a lauschteren. De Marc Baum huet fir d\u00e9i &#8230;<\/p>\n","protected":false},"author":1,"featured_media":251,"comment_status":"closed","ping_status":"closed","sticky":false,"template":"","format":"standard","meta":{"inline_featured_image":false,"footnotes":""},"categories":[],"tags":[],"class_list":["post-249","post","type-post","status-publish","format-standard","has-post-thumbnail","hentry"],"_links":{"self":[{"href":"https:\/\/pensiounen.lu\/en\/wp-json\/wp\/v2\/posts\/249","targetHints":{"allow":["GET"]}}],"collection":[{"href":"https:\/\/pensiounen.lu\/en\/wp-json\/wp\/v2\/posts"}],"about":[{"href":"https:\/\/pensiounen.lu\/en\/wp-json\/wp\/v2\/types\/post"}],"author":[{"embeddable":true,"href":"https:\/\/pensiounen.lu\/en\/wp-json\/wp\/v2\/users\/1"}],"replies":[{"embeddable":true,"href":"https:\/\/pensiounen.lu\/en\/wp-json\/wp\/v2\/comments?post=249"}],"version-history":[{"count":3,"href":"https:\/\/pensiounen.lu\/en\/wp-json\/wp\/v2\/posts\/249\/revisions"}],"predecessor-version":[{"id":255,"href":"https:\/\/pensiounen.lu\/en\/wp-json\/wp\/v2\/posts\/249\/revisions\/255"}],"wp:featuredmedia":[{"embeddable":true,"href":"https:\/\/pensiounen.lu\/en\/wp-json\/wp\/v2\/media\/251"}],"wp:attachment":[{"href":"https:\/\/pensiounen.lu\/en\/wp-json\/wp\/v2\/media?parent=249"}],"wp:term":[{"taxonomy":"category","embeddable":true,"href":"https:\/\/pensiounen.lu\/en\/wp-json\/wp\/v2\/categories?post=249"},{"taxonomy":"post_tag","embeddable":true,"href":"https:\/\/pensiounen.lu\/en\/wp-json\/wp\/v2\/tags?post=249"}],"curies":[{"name":"wp","href":"https:\/\/api.w.org\/{rel}","templated":true}]}}