{"id":224,"date":"2025-01-31T15:17:00","date_gmt":"2025-01-31T15:17:00","guid":{"rendered":"https:\/\/pensiounen.lu\/?p=224"},"modified":"2025-03-11T15:18:06","modified_gmt":"2025-03-11T15:18:06","slug":"question-parlementaire-a-propos-des-beneficiaires-dun-complement-pour-pension-minimum","status":"publish","type":"post","link":"https:\/\/pensiounen.lu\/en\/question-parlementaire-a-propos-des-beneficiaires-dun-complement-pour-pension-minimum\/","title":{"rendered":"Question parlementaire \u00e0 propos des b\u00e9n\u00e9ficiaires d\u2019un compl\u00e9ment pour pension minimum."},"content":{"rendered":"\n<p>Monsieur le Pr\u00e9sident,<\/p>\n\n\n\n<p>Dans sa r\u00e9ponse \u00e0 la question parlementaire n\u00b01040 Madame la ministre de la Sant\u00e9 et de la S\u00e9curit\u00e9 sociale a fourni pour chaque ann\u00e9e entre 2009 \u00e0 2023 le nombre de b\u00e9n\u00e9ficiaires d\u2019un compl\u00e9ment pour pension minimum ainsi que l\u2019\u00e9volution de leur proportion par rapport au nombre total de pensions.<\/p>\n\n\n\n<p><br>Lors de la r\u00e9union de la Commission parlementaire de la Sant\u00e9 et de la S\u00e9curit\u00e9 sociale Madame la Ministre a consid\u00e9r\u00e9 qu\u2019un b\u00e9n\u00e9ficiaire d\u2019un compl\u00e9ment pour pension minimum pourrait en principe avoir des revenus accessoires lui permettant d\u2019am\u00e9liorer sa situation financi\u00e8re. Le statut de b\u00e9n\u00e9ficiaire du compl\u00e9ment pour pension minimum ne permettrait donc pas de tirer d\u2019embl\u00e9e des conclusions sur le revenu mensuel d\u2019une personne retrait\u00e9e.<\/p>\n\n\n\n<p>Partant je voudrais poser les questions suivantes \u00e0 Madame et Monsieur les Ministres&nbsp;:<\/p>\n\n\n\n<ol class=\"wp-block-list\">\n<li>Madame la Ministre peut-elle me fournir le nombre de b\u00e9n\u00e9ficiaires de compl\u00e9ments pour pension minimum ainsi que leur proportion par rapport au nombre total de pensions pour l\u2019ann\u00e9e 2024\u00a0?<br><br><\/li>\n\n\n\n<li>Madame et Monsieur les Ministres peuvent-ils me fournir pour chaque ann\u00e9e depuis 2009 le nombre de b\u00e9n\u00e9ficiaires de compl\u00e9ments pour pension minimum ayant d\u00e9clar\u00e9 un revenu d\u2019une activit\u00e9 accessoire sup\u00e9rieur \u00e0 10% du montant brut de leur pension\u00a0de vieillesse ?<\/li>\n<\/ol>\n\n\n\n<p>Avec nos salutations respectueuses,<\/p>\n\n\n\n<p>Marc Baum<br>D\u00e9put\u00e9<\/p>\n","protected":false},"excerpt":{"rendered":"<p>Monsieur le Pr\u00e9sident, Dans sa r\u00e9ponse \u00e0 la question parlementaire n\u00b01040 Madame la ministre de la Sant\u00e9 et de la S\u00e9curit\u00e9 sociale a fourni pour chaque ann\u00e9e entre 2009 \u00e0 2023 le nombre de &#8230;<\/p>\n","protected":false},"author":1,"featured_media":0,"comment_status":"closed","ping_status":"closed","sticky":false,"template":"","format":"standard","meta":{"inline_featured_image":false,"footnotes":""},"categories":[],"tags":[],"class_list":["post-224","post","type-post","status-publish","format-standard","hentry"],"_links":{"self":[{"href":"https:\/\/pensiounen.lu\/en\/wp-json\/wp\/v2\/posts\/224","targetHints":{"allow":["GET"]}}],"collection":[{"href":"https:\/\/pensiounen.lu\/en\/wp-json\/wp\/v2\/posts"}],"about":[{"href":"https:\/\/pensiounen.lu\/en\/wp-json\/wp\/v2\/types\/post"}],"author":[{"embeddable":true,"href":"https:\/\/pensiounen.lu\/en\/wp-json\/wp\/v2\/users\/1"}],"replies":[{"embeddable":true,"href":"https:\/\/pensiounen.lu\/en\/wp-json\/wp\/v2\/comments?post=224"}],"version-history":[{"count":1,"href":"https:\/\/pensiounen.lu\/en\/wp-json\/wp\/v2\/posts\/224\/revisions"}],"predecessor-version":[{"id":225,"href":"https:\/\/pensiounen.lu\/en\/wp-json\/wp\/v2\/posts\/224\/revisions\/225"}],"wp:attachment":[{"href":"https:\/\/pensiounen.lu\/en\/wp-json\/wp\/v2\/media?parent=224"}],"wp:term":[{"taxonomy":"category","embeddable":true,"href":"https:\/\/pensiounen.lu\/en\/wp-json\/wp\/v2\/categories?post=224"},{"taxonomy":"post_tag","embeddable":true,"href":"https:\/\/pensiounen.lu\/en\/wp-json\/wp\/v2\/tags?post=224"}],"curies":[{"name":"wp","href":"https:\/\/api.w.org\/{rel}","templated":true}]}}